{"id":2893,"date":"2021-09-15T07:22:48","date_gmt":"2021-09-15T05:22:48","guid":{"rendered":"https:\/\/www.editionarob.com\/20\/?p=2893"},"modified":"2021-10-13T08:09:53","modified_gmt":"2021-10-13T06:09:53","slug":"die-grossen-kriminalfaelle-vii","status":"publish","type":"post","link":"https:\/\/www.editionarob.com\/20\/2021\/09\/15\/die-grossen-kriminalfaelle-vii\/","title":{"rendered":"Die gro\u00dfen Kriminalf\u00e4lle VII"},"content":{"rendered":"<p><div class=\"fusion-fullwidth fullwidth-box fusion-builder-row-1 fusion-flex-container nonhundred-percent-fullwidth non-hundred-percent-height-scrolling\" style=\"--awb-border-radius-top-left:0px;--awb-border-radius-top-right:0px;--awb-border-radius-bottom-right:0px;--awb-border-radius-bottom-left:0px;\" ><div class=\"fusion-builder-row fusion-row fusion-flex-align-items-flex-start\" style=\"max-width:104%;margin-left: calc(-4% \/ 2 );margin-right: calc(-4% \/ 2 );\"><div class=\"fusion-layout-column fusion_builder_column fusion-builder-column-0 fusion_builder_column_1_1 1_1 fusion-flex-column fusion-animated\" style=\"--awb-bg-color:#ffffff;--awb-bg-color-hover:#ffffff;--awb-bg-size:cover;--awb-width-large:100%;--awb-margin-top-large:0px;--awb-spacing-right-large:1.92%;--awb-margin-bottom-large:20px;--awb-spacing-left-large:1.92%;--awb-width-medium:100%;--awb-spacing-right-medium:1.92%;--awb-spacing-left-medium:1.92%;--awb-width-small:100%;--awb-spacing-right-small:1.92%;--awb-spacing-left-small:1.92%;\" data-animationType=\"fadeInDown\" data-animationDuration=\"0.7\" data-animationOffset=\"top-into-view\"><div class=\"fusion-column-wrapper fusion-flex-justify-content-flex-start fusion-content-layout-column\"><div class=\"fusion-text fusion-text-1\"><h2>Der Kettens\u00e4ge-Mord<\/h2>\n<\/div><div class=\"fusion-text fusion-text-2\"><p><em>Die NEUE S\u00dcDTIROLER TAGESZEITUNG \u00fcber den Kettens\u00e4ge-Mord (2016)<\/em><\/p>\n<p style=\"color: #000000; font-size: 28px;\" data-fusion-font=\"true\">Auf der Grundlage von bislang unter Verschluss gehaltenen Dokumenten dokumentiert Tageszeitung-Chefredakteur Artur Oberhofer einen der spektakul\u00e4rsten Kriminalf\u00e4lle in Su\u0308dtirol: den Kettens\u00e4ge-Mord von Marling.<\/p>\n<\/div><div class=\"fusion-separator fusion-full-width-sep\" style=\"align-self: center;margin-left: auto;margin-right: auto;margin-top:1%;margin-bottom:5%;width:100%;\"><div class=\"fusion-separator-border sep-single sep-dashed\" style=\"--awb-height:20px;--awb-amount:20px;--awb-sep-color:#c6c4c4;border-color:#c6c4c4;border-top-width:1px;\"><\/div><\/div><div class=\"fusion-text fusion-text-3\"><p>Mittwoch, 18. November 2001: Massimo Burchiellaro, 39, ein Bediensteter der privaten Sicherheitsfirma Generalpol, befindet sich auf der Fahrt von Meran nach Bozen, als er gegen 09.45 Uhr in Marling auf die Su\u0308dspur der MeBo auffahren will. Weil er pl\u00f6tzlich einen Harndrang verspu\u0308rt, steuert der Security- Mann den gepanzerten Wagen kurz vor der MeBo-Auffahrt in eine Obstwiese. Als Massimo Burchiellaro seine Notdurft verrichtet , stockt ihm pl\u00f6tzlich das Blut in den Adern. Der Generalpol-Mann erblickt zu seiner Linken einen leblosen K\u00f6rper, der im taunassen Gras liegt. Ru\u0308cklings. Massimo Burchieallaro n\u00e4hert sich vorsichtig dem leblosen K\u00f6rper. Es ist die Leiche eines jungen Mannes. Massimo Burchiellaro sieht die frischen Blutspuren im Gras. Er fasst die Leiche nicht an und achtet darauf, keine Spuren zu zerst\u00f6ren. \u201eIch habe gesehen, dass das Gesicht des Toten grau-gelblich eingef\u00e4rbt war, folglich ging ich davon aus, dass der Mann bereits seit Stunden tot ist\u201c, sagt der Bedienstete der Sicherheitsfirma sp\u00e4ter aus.<\/p>\n<p>Massimo Burchiellaro eilt zuru\u0308ck zu seinem Sicherheitstransporter. Mit seinem Handy w\u00e4hlt er die Notrufnummer der Carabinieri. Der Anruf des Security-Mannes geht an jenem Mittwoch um 09.51 Uhr bei den Carabinieri in Meran ein. Den Kripo-Beamten, die kurz nach 10.00 Uhr eintreffen, bietet sich ein makabres Szenenbild. Der Tote in der Wiese tr\u00e4gt einen Bu\u0308rstenhaarschnitt, die Kopfseiten sind kahlrasiert. Der junge Mann liegt zwischen den kahlen Obstb\u00e4umen ru\u0308cklings im herbstlich gebr\u00e4unten, vom Morgenfrost befeuchteten Gras. Die Augen sind schockstarr ge\u00f6ffnet. Der Mund ebenso. Der leblose K\u00f6rper ist leicht nach rechts geneigt. Die Arme des Toten sind ausgestreckt, die Handfl\u00e4chen zeigen nach unten und liegen auf goldenem Herbstlaub. Der Mann ist mit einer schwarzen Windjacke bekleidet. Im linken Kniebereich klafft eine gro\u00dfe und tiefe Wunde. In der Marlinger Obstwiese entsteht an diesem November-Vormittagein unheimliches, ein gespenstisches Stillleben: Das frische, hellrote Blut auf dem Wiesenboden kollidiert mit dem saftigen Gru\u0308n der letzten frischen Grashalme, die den klaren und frostigen N\u00e4chten getrotzt haben. Der Reif, der sich u\u0308ber Nacht wie ein gl\u00e4serner Deckel auf die Todeswiese gelegt hat, wird unter der herbstlichen Morgensonne zu Wasser, das rot und gru\u0308n und braun perlt.<\/p>\n<p><img class=\"lazyload alignnone size-full wp-image-2896\" src=\"https:\/\/www.editionarob.com\/20\/wp-content\/uploads\/2021\/10\/01-TOP-Plack-02-fr.jpg\" data-orig-src=\"https:\/\/www.editionarob.com\/20\/wp-content\/uploads\/2021\/10\/01-TOP-Plack-02-fr.jpg\" alt=\"\" width=\"1200\" height=\"900\" srcset=\"data:image\/svg+xml,%3Csvg%20xmlns%3D%27http%3A%2F%2Fwww.w3.org%2F2000%2Fsvg%27%20width%3D%271200%27%20height%3D%27900%27%20viewBox%3D%270%200%201200%20900%27%3E%3Crect%20width%3D%271200%27%20height%3D%27900%27%20fill-opacity%3D%220%22%2F%3E%3C%2Fsvg%3E\" data-srcset=\"https:\/\/www.editionarob.com\/20\/wp-content\/uploads\/2021\/10\/01-TOP-Plack-02-fr-200x150.jpg 200w, https:\/\/www.editionarob.com\/20\/wp-content\/uploads\/2021\/10\/01-TOP-Plack-02-fr-300x225.jpg 300w, https:\/\/www.editionarob.com\/20\/wp-content\/uploads\/2021\/10\/01-TOP-Plack-02-fr-400x300.jpg 400w, https:\/\/www.editionarob.com\/20\/wp-content\/uploads\/2021\/10\/01-TOP-Plack-02-fr-600x450.jpg 600w, https:\/\/www.editionarob.com\/20\/wp-content\/uploads\/2021\/10\/01-TOP-Plack-02-fr-768x576.jpg 768w, https:\/\/www.editionarob.com\/20\/wp-content\/uploads\/2021\/10\/01-TOP-Plack-02-fr-800x600.jpg 800w, https:\/\/www.editionarob.com\/20\/wp-content\/uploads\/2021\/10\/01-TOP-Plack-02-fr-1024x768.jpg 1024w, https:\/\/www.editionarob.com\/20\/wp-content\/uploads\/2021\/10\/01-TOP-Plack-02-fr.jpg 1200w\" data-sizes=\"auto\" data-orig-sizes=\"(max-width: 1200px) 100vw, 1200px\" \/><\/p>\n<p>Was erz\u00e4hlen diese Blutspuren im Gras? Aufgrund der N\u00e4he des Fundortes der Leiche zur MeBo ziehen die Ermittler zun\u00e4chst einen Verkehrsunfall in Betracht. 20 Zentimeter neben dem rechten Ohr des Toten liegt ein Handy der Marke Motorola. Das Handy des Typs StarTAC ist aufgeklappt. Das Display ist ausgeschaltet. Der Tote in der Wiese ist bald identifiziert. In der Brieftasche, die beim Toten gefunden wird, entdecken die Ermittler eine von der Stadtgemeinde Meran ausgestellte Identit\u00e4tskarte lautend auf: Andreas Plack, geboren am 20. Juni 1978. Ledig. Volksschulabschluss. Wohnhaft in Meran. Was ist am Abend des 27. November bzw. in der Nacht auf den 28. November 2001 in der Obstwiese in Marling passiert? Staatsanwalt Guido Rispoli, dem dieser Kriminalfall aus Turnusgru\u0308nden in den Scho\u00df f\u00e4llt, wird sp\u00e4ter von der \u201eirrwitzigsten Bluttat\u201c sprechen, mit der er als Ermittler konfrontiert war. Noch ahnen Staatsanwalt Rispoli und seine Fahnder nicht, dass dieser Fall weltweit fu\u0308r Schlagzeilen sorgen wu\u0308rde. Dass diese Tat es in die Chronik der spektakul\u00e4rsten Verbrechen schaffen wu\u0308rde. Dass dieser Fall in wenigen Stunden eine v\u00f6llig unerwartete, krasse, ja unglaubliche Wende nehmen wu\u0308rde. In einem neuen Buch dokumentiert Tageszeitung-Chefredakteur Artur Oberhofer den Kettens\u00e4ge- Mord von Marling. Der Autor konnte bislang unter Verschluss gehaltene Akten einsehen: beispielsweise die zahlreichen Verh\u00f6rprotokolle von Christian Kleon. Das Ergebnis dieser packenden Spurensuche: Artur Oberhofer enthu\u0308llt auf der Grundlage noch unver\u00f6ffentlichter Verh\u00f6rprotokolle, wie Andreas Plack zun\u00e4chst den Versicherungsberater Werner K. zum unfreiwilligen Helfer machte. Andreas Plack schloss binnen 18 Tagen vier Versicherungspolizzen ab. Eine der im Buch er\u00f6rterten Fragen: Warum haben bei Werner K. angesichts dieser \u201eVersicherungswut\u201c nicht die Alarmglocken geklingelt? Der Autor rekonstruiert au\u00dferdem, wie Andreas Plack bei seinem Cousin Christian Kleon den anf\u00e4nglichen Widerstand gebrochen und ihn zum M\u00f6rder gemacht hat (siehe dazu den nebenstehenden Kasten). Oberhofer geht der Frage nach, ob es im Fall Plack Mitwisser oder gar Komplizen gegeben hat. Und er beleuchtet das komplexe Familiensystem der Familien Plack-Kleon, also das Umfeld, in dem sich dieser unglaubliche Fall zugetragen hat: So wie Andreas Plack mit einer Cousine liiert war, hatte auch Christian Kleon ein Verh\u00e4ltnis mit einer Cousine. Artur Oberhofer rekonstruiert, wie bei Andreas Plack der fatale Entschluss gereift ist, sich zum Zwecke des Versicherungsbetrugs ein Bein abs\u00e4gen zu lassen.<\/p>\n<p><img class=\"lazyload alignnone size-full wp-image-2895\" src=\"https:\/\/www.editionarob.com\/20\/wp-content\/uploads\/2021\/10\/01-ko\u0308pfe.jpg\" data-orig-src=\"https:\/\/www.editionarob.com\/20\/wp-content\/uploads\/2021\/10\/01-ko\u0308pfe.jpg\" alt=\"\" width=\"1200\" height=\"682\" srcset=\"data:image\/svg+xml,%3Csvg%20xmlns%3D%27http%3A%2F%2Fwww.w3.org%2F2000%2Fsvg%27%20width%3D%271200%27%20height%3D%27682%27%20viewBox%3D%270%200%201200%20682%27%3E%3Crect%20width%3D%271200%27%20height%3D%27682%27%20fill-opacity%3D%220%22%2F%3E%3C%2Fsvg%3E\" data-srcset=\"https:\/\/www.editionarob.com\/20\/wp-content\/uploads\/2021\/10\/01-ko\u0308pfe-200x114.jpg 200w, https:\/\/www.editionarob.com\/20\/wp-content\/uploads\/2021\/10\/01-ko\u0308pfe-300x171.jpg 300w, https:\/\/www.editionarob.com\/20\/wp-content\/uploads\/2021\/10\/01-ko\u0308pfe-400x227.jpg 400w, https:\/\/www.editionarob.com\/20\/wp-content\/uploads\/2021\/10\/01-ko\u0308pfe-600x341.jpg 600w, https:\/\/www.editionarob.com\/20\/wp-content\/uploads\/2021\/10\/01-ko\u0308pfe-768x436.jpg 768w, https:\/\/www.editionarob.com\/20\/wp-content\/uploads\/2021\/10\/01-ko\u0308pfe-800x455.jpg 800w, https:\/\/www.editionarob.com\/20\/wp-content\/uploads\/2021\/10\/01-ko\u0308pfe-1024x582.jpg 1024w, https:\/\/www.editionarob.com\/20\/wp-content\/uploads\/2021\/10\/01-ko\u0308pfe.jpg 1200w\" data-sizes=\"auto\" data-orig-sizes=\"(max-width: 1200px) 100vw, 1200px\" \/><\/p>\n<p>Der Autor enthu\u0308llt, dass sich Plack bereits Monate vor der Tat von einem Burggr\u00e4fler Landwirt das Bein abs\u00e4gen lassen wollte. Artur Oberhofer erstellt das Psychogramm eines jungen Mannes, der vom gro\u00dfen Befreiungsschlag, vom Mega-Glu\u0308ckstreffer und von einem sorglosen Leben tr\u00e4umte. Der Tageszeitung-Chefredakteur erz\u00e4hlt die erschu\u0308tternde Geschichte eines 23-J\u00e4hrigen, der des Geldes willen bereit ist, ein Bein zu opfern. Dabei sei Andreas Placks diabolischer Plan von vornherein zum Scheitern verurteilt gewesen. Der Pathologe Eduard Egarter Vigl wird im Buch zitiert: \u201eAndreas Plack hatte offenbar keine Ahnung davon, mit welchem Druck das Blut herausspritzt, er dachte wohl an eine Blutung, wie man sie in Erste-Hilfe-Kursen bespricht. Aber in seinem Fall war \u2013 bildlich gesprochen \u2013 ein Gartenschlauch offen, da spritzt das Blut meterweit, auch 15 Meter und weiter. Bei der Gr\u00f6\u00dfe der Oberschenkelarterie du\u0308rfte er innerhalb von nur einer Minute einen halben bis drei Viertel Liter Blut verloren haben.\u201c Sieben Minuten dauerte Andreas Placks Todeskampf. Artur Oberhofer dokumentiert in dem Buch auch den verzweifelten Versuch des sterbenden Andreas Plack, telefonisch Hilfe anzufordern.<\/p>\n<p>In der Notrufzentrale des Polizeikommissariates am Kornplatz in Meran sitzt am Abend des 27. November 2001 Walter Pixner. Der Polizeibeamte nimmt um Punkt 20.52 Uhr und 50 Sekunden Uhr den ersten Anruf entgegen, der von Andreas Placks Handy abgeht. Walter Pixner meldet sich ganz unaufgeregt mit dem Standard- Satz: \u201eCentotredici. Hundertdreizehn.\u201c Am anderen Ende meldet sich niemand. Die Ger\u00e4uschkulisse h\u00f6rt sich fu\u0308r den Polizeibeamten so an, als ob jemand versehentlich auf die Tasten gedru\u0308ckt und den Anruf unbeabsichtigt ausgel\u00f6st h\u00e4tte. Nach sechs Sekunden wird das Gespr\u00e4ch unterbrochen. Nur wenige Sekunden sp\u00e4ter, um 20.53 Uhr und 12 Sekunden, geht der zweite Anruf von Andreas Plack ein. Der Polizeibeamte erkennt an den st\u00f6renden Nebenger\u00e4uschen, dass der Anruf von einem Mobiltelefon kommt. Walter Pixner vernimmt in der Folge seltsame Laute, die sich wie Schmerzensschreie einer m\u00e4nnlichen Person anh\u00f6ren. \u201eAaaaaaaaaaaahhhhh \u2026\u201c Man h\u00f6rt eine Person, die schwer ein- und ausatmet. Der Polizeibeamte l\u00e4sst einige Sekunden verstreichen, er presst den H\u00f6rer noch fester ans Ohr und versucht ganz genau hinzuh\u00f6ren. Doch er vernimmt nur ein St\u00f6hnen, ein Keuchen, ein R\u00f6cheln. Sonderbare Laute. Der Polizeibeamte fragt sicherheitshalber im Su\u0308dtiroler Dialekt nach. \u201eWos isch passiert?\u201c Keine Antwort! Erneut vernimmt der Beamte in der Notrufzentrale einen Schmerzensschrei. Diesmal lauter und l\u00e4nger. \u201eAuuuuuuuuuuhhhhhhh.\u201c Dann f\u00e4llt die Linie. Dieser zweite Anruf dauert genau 20 Sekunden. Walter Pixner geht davon aus, dass sich jemand einen dummen Scherz erlaubt hat. Das kommt \u00f6fters vor. Der Polizeibeamte nimmt den Vorfall denn auch nicht weiter ernst. Denkt an einen dummen Scherz. Walter Pixner ahnt zu dem Zeitpunkt nicht, dass die Schmerzensschreie, die er soeben am Telefon geh\u00f6rt hat, das letzte Lebenszeichen des qualvoll leidenden Andreas Plack waren.<\/p>\n<h2>Der einsame Wolf<\/h2>\n<h4>Das Protokoll einer Wahnsinnstat: Wie Christian Kleon die Augenblicke schildert, als er die Kettens\u00e4ge an Andreas Placks Bein angesetzt hat.<\/h4>\n<p>Es entsteht das Bild eines Zerrissenen: Auf der Grundlage von mehreren psychiatrischen Gutachten dokumentiert Artur Oberhofer die herzzerrei\u00dfende Kindheitsgeschichte von Christian Kleon. Zuerst tragen seine leiblichen Eltern einen zermu\u0308rbenden Krieg um das Sorgerecht aus. Der Bub wird hin- und hergerissen. Ist stets zwischen Hammer und Amboss. Und wo immer er hinkommt, erf\u00e4hrt er Ablehnung und Grobheit statt W\u00e4rme und Fu\u0308rsorge. Als er beim leiblichen Vater wohnt, verpru\u0308gelt und demu\u0308tigt ihn die Stiefmutter. Als er zu seiner Mama zuru\u0308ckkehrt, erlebt er den Stiefvater als st\u00f6rrischen und trinkenden Tyrannen. Christian Kleon reagiert mit Ru\u0308ckzug, entwickelt ein \u00e4ngstlich-vermeidendes (Schutz-)Verhalten \u2013 und hat extreme Lernschwierigkeiten in der Schule. Und wird irgendwann zum einsamen Wolf. In seinem Buch erz\u00e4hlt Artur Oberhofer, wie Andreas Plack bei Christian Kleon den Widerstand gebrochen und ihn zum M\u00f6rder gemacht hat. Der Autor konnte au\u00dferdem die Protokolle der Gespr\u00e4che einsehen, die Christian Kleon mit den gerichtspsychiatrischen Gutachtern gefu\u0308hrt hat. In diesen Gespr\u00e4chen schildert Christian Kleon unter anderem, wie er am Abend des 27. November 2001 die Kettens\u00e4ge an Andreas Placks Bein angesetzt hat. Sein Cousin habe in der Obstwiese in Marling ru\u0308cklings am Boden gelegen, erz\u00e4hlt Christian Kleon.<\/p>\n<p><img class=\"lazyload alignnone size-full wp-image-2894\" src=\"https:\/\/www.editionarob.com\/20\/wp-content\/uploads\/2021\/10\/09-DSCF0027-d.jpg\" data-orig-src=\"https:\/\/www.editionarob.com\/20\/wp-content\/uploads\/2021\/10\/09-DSCF0027-d.jpg\" alt=\"\" width=\"1200\" height=\"900\" srcset=\"data:image\/svg+xml,%3Csvg%20xmlns%3D%27http%3A%2F%2Fwww.w3.org%2F2000%2Fsvg%27%20width%3D%271200%27%20height%3D%27900%27%20viewBox%3D%270%200%201200%20900%27%3E%3Crect%20width%3D%271200%27%20height%3D%27900%27%20fill-opacity%3D%220%22%2F%3E%3C%2Fsvg%3E\" data-srcset=\"https:\/\/www.editionarob.com\/20\/wp-content\/uploads\/2021\/10\/09-DSCF0027-d-200x150.jpg 200w, https:\/\/www.editionarob.com\/20\/wp-content\/uploads\/2021\/10\/09-DSCF0027-d-300x225.jpg 300w, https:\/\/www.editionarob.com\/20\/wp-content\/uploads\/2021\/10\/09-DSCF0027-d-400x300.jpg 400w, https:\/\/www.editionarob.com\/20\/wp-content\/uploads\/2021\/10\/09-DSCF0027-d-600x450.jpg 600w, https:\/\/www.editionarob.com\/20\/wp-content\/uploads\/2021\/10\/09-DSCF0027-d-768x576.jpg 768w, https:\/\/www.editionarob.com\/20\/wp-content\/uploads\/2021\/10\/09-DSCF0027-d-800x600.jpg 800w, https:\/\/www.editionarob.com\/20\/wp-content\/uploads\/2021\/10\/09-DSCF0027-d-1024x768.jpg 1024w, https:\/\/www.editionarob.com\/20\/wp-content\/uploads\/2021\/10\/09-DSCF0027-d.jpg 1200w\" data-sizes=\"auto\" data-orig-sizes=\"(max-width: 1200px) 100vw, 1200px\" \/><\/p>\n<p>Um alles nach einem \u00dcberfall aussehen zu lassen, habe sich Andreas Plack mit einem Messer zuerst ein paar kleinere Schnittwunden im Gesicht zugefu\u0308gt. Dann h\u00e4tte er, Kleon, ihm mit der Axt auf den Hinterkopf schlagen sollen. \u201eDer Andreas wollte das, aber ich habe nur ganz leicht geschlagen&#8220;, so Kleon. Frage: Wann genau haben Sie mit Plack die Details des Plans besprochen? Antwort: Bis zu jenem Abend wusste ich nur, dass ich ihm das Bein abschneiden musste. Erst in der Obstwiese wurde er konkreter und sagte, ich mu\u0308sse ihm das Bein oberhalb des Knies abschneiden. Frage: Hat Andreas Plack gestanden, als Sie mit der Operation begannen? Antwort: Nein, er lag in der Obstwiese am Boden und hatte das Bein ausgestreckt. Frage: Sie hatten die Nylons\u00e4cke u\u0308bergezogen? Antwort: Ja. Frage: Und dann? Antwort: Ich wollte weglaufen, aber er hatte sich bereits die Schnittwunden im Gesicht zugefu\u0308gt. Deswegen bin ich geblieben und habe die Kettens\u00e4ge angemacht. Frage: Und dann haben Sie sich mit der Kettens\u00e4ge gen\u00e4hert? Antwort: Ja, er sagte, dass ich das tun solle. Ich wusste ja nicht, wie ich das machen sollte. Ich habe die Kettens\u00e4ge nahe ans Bein hingefu\u0308hrt und habe nur ein bisschen geschnitten. Ich wollte das Wei\u00dfe Kreuz verst\u00e4ndigen, aber er sagte, dass ich das nicht tun solle. Er sagte, ich solle sofort verschwinden. Er schrie mir auch einige Schimpfw\u00f6rter nach und stand auf. Frage: Plack wollte sich das Bein mit einem Gu\u0308rtel abbinden? Antwort: Ja, das hatte er versprochen. Frage: Was ist dann passiert? Antwort: Ich wei\u00df es nicht mehr genau, ich kann mich nur erinnern, dass er herumhu\u0308pfte, ich wei\u00df dann nicht, wie weit er gekommen ist. Frage: Haben Sie nach der Tat nochmals versucht, Andreas anzurufen? Antwort: Ich hatte ihn vorher schon gefragt, wie ich denn erfahren wu\u0308rde, wie es ihm geht. Andreas hat gesagt: \u201eDas wirst du im Radio h\u00f6ren oder in den Zeitungen lesen.\u201c<\/p>\n<\/div><div class=\"fusion-separator fusion-full-width-sep\" style=\"align-self: center;margin-left: auto;margin-right: auto;margin-bottom:3%;width:100%;\"><\/div><\/div><\/div><\/div><\/div><div class=\"fusion-fullwidth fullwidth-box fusion-builder-row-2 fusion-flex-container nonhundred-percent-fullwidth non-hundred-percent-height-scrolling\" style=\"--awb-border-radius-top-left:0px;--awb-border-radius-top-right:0px;--awb-border-radius-bottom-right:0px;--awb-border-radius-bottom-left:0px;--awb-padding-top:10px;--awb-padding-right:3%;--awb-padding-bottom:10px;--awb-padding-left:3%;--awb-margin-top:1px;--awb-margin-bottom:0px;--awb-background-image:linear-gradient(180deg, rgba(255,255,255,0) 0%,#000000 100%);\" ><div class=\"fusion-builder-row fusion-row fusion-flex-align-items-stretch fusion-flex-justify-content-center\" style=\"max-width:104%;margin-left: calc(-4% \/ 2 );margin-right: calc(-4% \/ 2 );\"><div class=\"fusion-layout-column fusion_builder_column fusion-builder-column-1 fusion_builder_column_1_1 1_1 fusion-flex-column fusion-animated\" style=\"--awb-padding-top:10px;--awb-padding-right:10px;--awb-padding-bottom:10px;--awb-padding-left:10px;--awb-bg-color:#ffffff;--awb-bg-color-hover:#ffffff;--awb-bg-size:cover;--awb-border-color:#f4b429;--awb-border-top:3px;--awb-border-right:3px;--awb-border-bottom:3px;--awb-border-left:3px;--awb-border-style:solid;--awb-width-large:100%;--awb-margin-top-large:10px;--awb-spacing-right-large:1.92%;--awb-margin-bottom-large:10px;--awb-spacing-left-large:1.92%;--awb-width-medium:100%;--awb-order-medium:0;--awb-spacing-right-medium:1.92%;--awb-spacing-left-medium:1.92%;--awb-width-small:100%;--awb-order-small:0;--awb-spacing-right-small:1.92%;--awb-spacing-left-small:1.92%;\" data-animationType=\"fadeInUp\" data-animationDuration=\"1.0\" data-animationOffset=\"top-into-view\"><div class=\"fusion-column-wrapper fusion-column-has-shadow fusion-flex-justify-content-flex-start fusion-content-layout-column\"><div class=\"fusion-separator fusion-full-width-sep\" style=\"align-self: center;margin-left: auto;margin-right: auto;margin-top:10px;margin-bottom:10px;width:100%;\"><\/div><div class=\"fusion-title title fusion-title-1 fusion-sep-none fusion-title-center fusion-title-text fusion-title-size-one\" style=\"--awb-text-color:#ffffff;--awb-font-size:24px;\"><h1 class=\"title-heading-center fusion-responsive-typography-calculated\" style=\"margin:0;font-size:1em;--fontSize:24;--minFontSize:24;line-height:1.12;\"><span style=\"color: #000000;\">Die gro\u00dfen Kriminalf\u00e4lle VII<\/span><\/h1><\/div><div class=\"fusion-title title fusion-title-2 fusion-sep-none fusion-title-center fusion-title-text fusion-title-size-three\" style=\"--awb-text-color:#f4b429;--awb-font-size:18px;\"><h3 class=\"title-heading-center fusion-responsive-typography-calculated\" style=\"margin:0;font-size:1em;letter-spacing:0.09em;--fontSize:18;--minFontSize:18;line-height:1.3;\">edition AROB<\/h3><\/div><div class=\"fusion-builder-row fusion-builder-row-inner fusion-row fusion-flex-align-items-stretch fusion-flex-justify-content-center\" style=\"width:104% !important;max-width:104% !important;margin-left: calc(-4% \/ 2 );margin-right: calc(-4% \/ 2 );\"><div class=\"fusion-layout-column fusion_builder_column_inner fusion-builder-nested-column-0 fusion_builder_column_inner_1_3 1_3 fusion-flex-column fusion-flex-align-self-flex-start\" style=\"--awb-bg-size:cover;--awb-width-large:33.333333333333%;--awb-margin-top-large:0px;--awb-spacing-right-large:5.76%;--awb-margin-bottom-large:20px;--awb-spacing-left-large:5.76%;--awb-width-medium:100%;--awb-order-medium:0;--awb-spacing-right-medium:1.92%;--awb-spacing-left-medium:1.92%;--awb-width-small:100%;--awb-order-small:0;--awb-spacing-right-small:1.92%;--awb-spacing-left-small:1.92%;\"><div class=\"fusion-column-wrapper fusion-column-has-shadow fusion-flex-justify-content-flex-start fusion-content-layout-column\"><div class=\"fusion-separator fusion-full-width-sep\" style=\"align-self: center;margin-left: auto;margin-right: auto;margin-top:10px;margin-bottom:10px;width:100%;\"><\/div><div class=\"fusion-image-element \" style=\"text-align:center;--awb-caption-title-font-family:var(--h2_typography-font-family);--awb-caption-title-font-weight:var(--h2_typography-font-weight);--awb-caption-title-font-style:var(--h2_typography-font-style);--awb-caption-title-size:var(--h2_typography-font-size);--awb-caption-title-transform:var(--h2_typography-text-transform);--awb-caption-title-line-height:var(--h2_typography-line-height);--awb-caption-title-letter-spacing:var(--h2_typography-letter-spacing);\"><span class=\" fusion-imageframe imageframe-dropshadow imageframe-1 hover-type-none\" style=\"-webkit-box-shadow: 3px 3px 7px rgba(0,0,0,0.3);box-shadow: 3px 3px 7px rgba(0,0,0,0.3);\" class=\"image-magnify\" class=\"image-scroll\"><img width=\"140\" height=\"212\" src=\"data:image\/svg+xml,%3Csvg%20xmlns%3D%27http%3A%2F%2Fwww.w3.org%2F2000%2Fsvg%27%20width%3D%27140%27%20height%3D%27212%27%20viewBox%3D%270%200%20140%20212%27%3E%3Crect%20width%3D%27140%27%20height%3D%27212%27%20fill-opacity%3D%220%22%2F%3E%3C%2Fsvg%3E\" data-orig-src=\"https:\/\/www.editionarob.com\/20\/wp-content\/uploads\/2021\/06\/grossen-kriminalfalle-7.png\" alt class=\"lazyload img-responsive wp-image-2753\"\/><\/span><\/div><\/div><\/div><div class=\"fusion-layout-column fusion_builder_column_inner fusion-builder-nested-column-1 fusion_builder_column_inner_2_3 2_3 fusion-flex-column\" style=\"--awb-bg-size:cover;--awb-width-large:66.666666666667%;--awb-margin-top-large:0px;--awb-spacing-right-large:2.88%;--awb-margin-bottom-large:20px;--awb-spacing-left-large:2.88%;--awb-width-medium:100%;--awb-order-medium:0;--awb-spacing-right-medium:1.92%;--awb-spacing-left-medium:1.92%;--awb-width-small:100%;--awb-order-small:0;--awb-spacing-right-small:1.92%;--awb-spacing-left-small:1.92%;\"><div class=\"fusion-column-wrapper fusion-column-has-shadow fusion-flex-justify-content-flex-start fusion-content-layout-column\"><div class=\"fusion-separator fusion-full-width-sep\" style=\"align-self: center;margin-left: auto;margin-right: auto;margin-top:10px;margin-bottom:10px;width:100%;\"><\/div><div class=\"fusion-text fusion-text-4\" style=\"--awb-font-size:11px;\"><p style=\"color: #999999; padding: 0px 0px; text-align: left;\"><span style=\"color: #000000;\">Am Morgen des 12. Oktober 1988 wird im Weiler Tulfer im Wipptal die B\u00e4uerin Maria Weissteiner schwerverletzt aufgefunden. Die 68-J\u00e4hrige stirbt wenige Stunden sp\u00e4ter. Die B\u00e4uerin wurde mit einer Spitzhacke erschlagen.<br \/>\nDer Fall scheint klar \u2013 ist allerdings bis heute ungekl\u00e4rt.<\/span><\/p>\n<p>Am Morgen des 28. November 2001 wird in einer Obstwiese in Marling die Leiche eines jungen Mannes aufgefunden: Andreas Plack, 23. Das linke Knie ist zerfetzt. Die Staatsanwaltschaft geht zun\u00e4chst von einem Unfall aus. Doch schon bald wird klar: Die Ermittler haben es mit einem der spektakul\u00e4rsten F\u00e4lle der S\u00fcdtiroler Kriminalgeschichte zu tun.<\/p>\n<p>In Band VII aus der Reihe &#8222;Die gro\u00dfen Kriminalf\u00e4lle&#8220; rekonstruiert Artur Oberhofer auf der Grundlage bislang noch unver\u00f6ffentlichter Akten den Kettens\u00e4ge-Mord von Marling und den noch ungekl\u00e4rten Mord an der Wipptaler B\u00e4uerin Maria Weissteiner.<\/p>\n<p>ISBN 978-88-88396-17-0<br \/>\nHardcover \u2013 496 Seiten<br \/>\nPreis Italien: Euro 34,00<br \/>\nPreis Ausland (D-A-CH): Euro 35,00<\/p>\n<\/div><div style=\"text-align:left;\"><a class=\"fusion-button button-flat fusion-button-default-size button-default fusion-button-default button-1 fusion-button-default-span fusion-button-default-type\" target=\"_self\" href=\"https:\/\/www.editionarob.com\/20\/bestellung\"><span class=\"fusion-button-text\">Bestellung<\/span><\/a><\/div><\/div><\/div><\/div><div class=\"fusion-separator fusion-full-width-sep\" style=\"align-self: center;margin-left: auto;margin-right: auto;margin-top:10px;margin-bottom:10px;width:100%;\"><\/div><\/div><\/div><\/div><\/div><\/p>\n","protected":false},"excerpt":{"rendered":"<p>Auf der Grundlage von bislang unter Verschluss gehaltenen Dokumenten dokumentiert Tageszeitung-Chefredakteur Artur Oberhofer einen der spektakul\u00e4rsten Kriminalf\u00e4lle in Su\u0308dtirol: den Kettens\u00e4ge-Mord von Marling. <\/p>\n","protected":false},"author":1,"featured_media":2896,"comment_status":"closed","ping_status":"closed","sticky":false,"template":"","format":"standard","meta":{"_bbp_topic_count":0,"_bbp_reply_count":0,"_bbp_total_topic_count":0,"_bbp_total_reply_count":0,"_bbp_voice_count":0,"_bbp_anonymous_reply_count":0,"_bbp_topic_count_hidden":0,"_bbp_reply_count_hidden":0,"_bbp_forum_subforum_count":0},"categories":[22,28,29,18,16,24],"tags":[],"yoast_head":"<!-- This site is optimized with the Yoast SEO plugin v17.8 - https:\/\/yoast.com\/wordpress\/plugins\/seo\/ -->\n<title>Die gro\u00dfen Kriminalf\u00e4lle VII - edition AROB<\/title>\n<meta name=\"robots\" content=\"index, follow, max-snippet:-1, max-image-preview:large, max-video-preview:-1\" \/>\n<link rel=\"canonical\" href=\"https:\/\/www.editionarob.com\/20\/2021\/09\/15\/die-grossen-kriminalfaelle-vii\/\" \/>\n<meta property=\"og:locale\" content=\"de_DE\" \/>\n<meta property=\"og:type\" content=\"article\" \/>\n<meta property=\"og:title\" content=\"Die gro\u00dfen Kriminalf\u00e4lle VII - edition AROB\" \/>\n<meta property=\"og:description\" content=\"Auf der Grundlage von bislang unter Verschluss gehaltenen Dokumenten dokumentiert Tageszeitung-Chefredakteur Artur Oberhofer einen der spektakul\u00e4rsten Kriminalf\u00e4lle in Su\u0308dtirol: den Kettens\u00e4ge-Mord von Marling.\" \/>\n<meta property=\"og:url\" content=\"https:\/\/www.editionarob.com\/20\/2021\/09\/15\/die-grossen-kriminalfaelle-vii\/\" \/>\n<meta property=\"og:site_name\" content=\"edition AROB\" \/>\n<meta property=\"article:published_time\" content=\"2021-09-15T05:22:48+00:00\" \/>\n<meta property=\"article:modified_time\" content=\"2021-10-13T06:09:53+00:00\" \/>\n<meta property=\"og:image\" content=\"https:\/\/www.editionarob.com\/20\/wp-content\/uploads\/2021\/10\/01-TOP-Plack-02-fr.jpg\" \/>\n\t<meta property=\"og:image:width\" content=\"1200\" \/>\n\t<meta property=\"og:image:height\" content=\"900\" \/>\n<meta name=\"twitter:card\" content=\"summary_large_image\" \/>\n<meta name=\"twitter:label1\" content=\"Verfasst von\" \/>\n\t<meta name=\"twitter:data1\" content=\"ROGAA Admin\" \/>\n\t<meta name=\"twitter:label2\" content=\"Gesch\u00e4tzte Lesezeit\" \/>\n\t<meta name=\"twitter:data2\" content=\"11\u00a0Minuten\" \/>\n<script type=\"application\/ld+json\" class=\"yoast-schema-graph\">{\"@context\":\"https:\/\/schema.org\",\"@graph\":[{\"@type\":\"WebSite\",\"@id\":\"https:\/\/www.editionarob.com\/20\/#website\",\"url\":\"https:\/\/www.editionarob.com\/20\/\",\"name\":\"edition AROB\",\"description\":\"Der Buchverlag in S\\u00fcdtirol.\",\"potentialAction\":[{\"@type\":\"SearchAction\",\"target\":{\"@type\":\"EntryPoint\",\"urlTemplate\":\"https:\/\/www.editionarob.com\/20\/?s={search_term_string}\"},\"query-input\":\"required name=search_term_string\"}],\"inLanguage\":\"de\"},{\"@type\":\"ImageObject\",\"@id\":\"https:\/\/www.editionarob.com\/20\/2021\/09\/15\/die-grossen-kriminalfaelle-vii\/#primaryimage\",\"inLanguage\":\"de\",\"url\":\"https:\/\/www.editionarob.com\/20\/wp-content\/uploads\/2021\/10\/01-TOP-Plack-02-fr.jpg\",\"contentUrl\":\"https:\/\/www.editionarob.com\/20\/wp-content\/uploads\/2021\/10\/01-TOP-Plack-02-fr.jpg\",\"width\":1200,\"height\":900},{\"@type\":\"WebPage\",\"@id\":\"https:\/\/www.editionarob.com\/20\/2021\/09\/15\/die-grossen-kriminalfaelle-vii\/#webpage\",\"url\":\"https:\/\/www.editionarob.com\/20\/2021\/09\/15\/die-grossen-kriminalfaelle-vii\/\",\"name\":\"Die gro\\u00dfen Kriminalf\\u00e4lle VII - edition AROB\",\"isPartOf\":{\"@id\":\"https:\/\/www.editionarob.com\/20\/#website\"},\"primaryImageOfPage\":{\"@id\":\"https:\/\/www.editionarob.com\/20\/2021\/09\/15\/die-grossen-kriminalfaelle-vii\/#primaryimage\"},\"datePublished\":\"2021-09-15T05:22:48+00:00\",\"dateModified\":\"2021-10-13T06:09:53+00:00\",\"author\":{\"@id\":\"https:\/\/www.editionarob.com\/20\/#\/schema\/person\/b73e48708d06927d855d262d816abd78\"},\"breadcrumb\":{\"@id\":\"https:\/\/www.editionarob.com\/20\/2021\/09\/15\/die-grossen-kriminalfaelle-vii\/#breadcrumb\"},\"inLanguage\":\"de\",\"potentialAction\":[{\"@type\":\"ReadAction\",\"target\":[\"https:\/\/www.editionarob.com\/20\/2021\/09\/15\/die-grossen-kriminalfaelle-vii\/\"]}]},{\"@type\":\"BreadcrumbList\",\"@id\":\"https:\/\/www.editionarob.com\/20\/2021\/09\/15\/die-grossen-kriminalfaelle-vii\/#breadcrumb\",\"itemListElement\":[{\"@type\":\"ListItem\",\"position\":1,\"name\":\"Startseite\",\"item\":\"https:\/\/www.editionarob.com\/20\/\"},{\"@type\":\"ListItem\",\"position\":2,\"name\":\"Die gro\\u00dfen Kriminalf\\u00e4lle VII\"}]},{\"@type\":\"Person\",\"@id\":\"https:\/\/www.editionarob.com\/20\/#\/schema\/person\/b73e48708d06927d855d262d816abd78\",\"name\":\"ROGAA Admin\",\"image\":{\"@type\":\"ImageObject\",\"@id\":\"https:\/\/www.editionarob.com\/20\/#personlogo\",\"inLanguage\":\"de\",\"url\":\"https:\/\/secure.gravatar.com\/avatar\/fb369f2ecbfe2eb3cbfb21d054e57699?s=96&d=mm&r=g\",\"contentUrl\":\"https:\/\/secure.gravatar.com\/avatar\/fb369f2ecbfe2eb3cbfb21d054e57699?s=96&d=mm&r=g\",\"caption\":\"ROGAA Admin\"},\"sameAs\":[\"https:\/\/www.editionarob.com\/20\"],\"url\":\"https:\/\/www.editionarob.com\/20\/author\/rogaa-admin\/\"}]}<\/script>\n<!-- \/ Yoast SEO plugin. -->","yoast_head_json":{"title":"Die gro\u00dfen Kriminalf\u00e4lle VII - edition AROB","robots":{"index":"index","follow":"follow","max-snippet":"max-snippet:-1","max-image-preview":"max-image-preview:large","max-video-preview":"max-video-preview:-1"},"canonical":"https:\/\/www.editionarob.com\/20\/2021\/09\/15\/die-grossen-kriminalfaelle-vii\/","og_locale":"de_DE","og_type":"article","og_title":"Die gro\u00dfen Kriminalf\u00e4lle VII - edition AROB","og_description":"Auf der Grundlage von bislang unter Verschluss gehaltenen Dokumenten dokumentiert Tageszeitung-Chefredakteur Artur Oberhofer einen der spektakul\u00e4rsten Kriminalf\u00e4lle in Su\u0308dtirol: den Kettens\u00e4ge-Mord von Marling.","og_url":"https:\/\/www.editionarob.com\/20\/2021\/09\/15\/die-grossen-kriminalfaelle-vii\/","og_site_name":"edition AROB","article_published_time":"2021-09-15T05:22:48+00:00","article_modified_time":"2021-10-13T06:09:53+00:00","og_image":[{"width":1200,"height":900,"url":"https:\/\/www.editionarob.com\/20\/wp-content\/uploads\/2021\/10\/01-TOP-Plack-02-fr.jpg","type":"image\/jpeg"}],"twitter_card":"summary_large_image","twitter_misc":{"Verfasst von":"ROGAA Admin","Gesch\u00e4tzte Lesezeit":"11\u00a0Minuten"},"schema":{"@context":"https:\/\/schema.org","@graph":[{"@type":"WebSite","@id":"https:\/\/www.editionarob.com\/20\/#website","url":"https:\/\/www.editionarob.com\/20\/","name":"edition AROB","description":"Der Buchverlag in S\u00fcdtirol.","potentialAction":[{"@type":"SearchAction","target":{"@type":"EntryPoint","urlTemplate":"https:\/\/www.editionarob.com\/20\/?s={search_term_string}"},"query-input":"required name=search_term_string"}],"inLanguage":"de"},{"@type":"ImageObject","@id":"https:\/\/www.editionarob.com\/20\/2021\/09\/15\/die-grossen-kriminalfaelle-vii\/#primaryimage","inLanguage":"de","url":"https:\/\/www.editionarob.com\/20\/wp-content\/uploads\/2021\/10\/01-TOP-Plack-02-fr.jpg","contentUrl":"https:\/\/www.editionarob.com\/20\/wp-content\/uploads\/2021\/10\/01-TOP-Plack-02-fr.jpg","width":1200,"height":900},{"@type":"WebPage","@id":"https:\/\/www.editionarob.com\/20\/2021\/09\/15\/die-grossen-kriminalfaelle-vii\/#webpage","url":"https:\/\/www.editionarob.com\/20\/2021\/09\/15\/die-grossen-kriminalfaelle-vii\/","name":"Die gro\u00dfen Kriminalf\u00e4lle VII - edition AROB","isPartOf":{"@id":"https:\/\/www.editionarob.com\/20\/#website"},"primaryImageOfPage":{"@id":"https:\/\/www.editionarob.com\/20\/2021\/09\/15\/die-grossen-kriminalfaelle-vii\/#primaryimage"},"datePublished":"2021-09-15T05:22:48+00:00","dateModified":"2021-10-13T06:09:53+00:00","author":{"@id":"https:\/\/www.editionarob.com\/20\/#\/schema\/person\/b73e48708d06927d855d262d816abd78"},"breadcrumb":{"@id":"https:\/\/www.editionarob.com\/20\/2021\/09\/15\/die-grossen-kriminalfaelle-vii\/#breadcrumb"},"inLanguage":"de","potentialAction":[{"@type":"ReadAction","target":["https:\/\/www.editionarob.com\/20\/2021\/09\/15\/die-grossen-kriminalfaelle-vii\/"]}]},{"@type":"BreadcrumbList","@id":"https:\/\/www.editionarob.com\/20\/2021\/09\/15\/die-grossen-kriminalfaelle-vii\/#breadcrumb","itemListElement":[{"@type":"ListItem","position":1,"name":"Startseite","item":"https:\/\/www.editionarob.com\/20\/"},{"@type":"ListItem","position":2,"name":"Die gro\u00dfen Kriminalf\u00e4lle VII"}]},{"@type":"Person","@id":"https:\/\/www.editionarob.com\/20\/#\/schema\/person\/b73e48708d06927d855d262d816abd78","name":"ROGAA Admin","image":{"@type":"ImageObject","@id":"https:\/\/www.editionarob.com\/20\/#personlogo","inLanguage":"de","url":"https:\/\/secure.gravatar.com\/avatar\/fb369f2ecbfe2eb3cbfb21d054e57699?s=96&d=mm&r=g","contentUrl":"https:\/\/secure.gravatar.com\/avatar\/fb369f2ecbfe2eb3cbfb21d054e57699?s=96&d=mm&r=g","caption":"ROGAA Admin"},"sameAs":["https:\/\/www.editionarob.com\/20"],"url":"https:\/\/www.editionarob.com\/20\/author\/rogaa-admin\/"}]}},"_links":{"self":[{"href":"https:\/\/www.editionarob.com\/20\/wp-json\/wp\/v2\/posts\/2893"}],"collection":[{"href":"https:\/\/www.editionarob.com\/20\/wp-json\/wp\/v2\/posts"}],"about":[{"href":"https:\/\/www.editionarob.com\/20\/wp-json\/wp\/v2\/types\/post"}],"author":[{"embeddable":true,"href":"https:\/\/www.editionarob.com\/20\/wp-json\/wp\/v2\/users\/1"}],"replies":[{"embeddable":true,"href":"https:\/\/www.editionarob.com\/20\/wp-json\/wp\/v2\/comments?post=2893"}],"version-history":[{"count":2,"href":"https:\/\/www.editionarob.com\/20\/wp-json\/wp\/v2\/posts\/2893\/revisions"}],"predecessor-version":[{"id":3442,"href":"https:\/\/www.editionarob.com\/20\/wp-json\/wp\/v2\/posts\/2893\/revisions\/3442"}],"wp:featuredmedia":[{"embeddable":true,"href":"https:\/\/www.editionarob.com\/20\/wp-json\/wp\/v2\/media\/2896"}],"wp:attachment":[{"href":"https:\/\/www.editionarob.com\/20\/wp-json\/wp\/v2\/media?parent=2893"}],"wp:term":[{"taxonomy":"category","embeddable":true,"href":"https:\/\/www.editionarob.com\/20\/wp-json\/wp\/v2\/categories?post=2893"},{"taxonomy":"post_tag","embeddable":true,"href":"https:\/\/www.editionarob.com\/20\/wp-json\/wp\/v2\/tags?post=2893"}],"curies":[{"name":"wp","href":"https:\/\/api.w.org\/{rel}","templated":true}]}}