{"id":2944,"date":"2021-09-28T08:19:54","date_gmt":"2021-09-28T06:19:54","guid":{"rendered":"https:\/\/www.editionarob.com\/20\/?p=2944"},"modified":"2021-10-13T07:58:48","modified_gmt":"2021-10-13T05:58:48","slug":"die-puschtra-buibm-2","status":"publish","type":"post","link":"https:\/\/www.editionarob.com\/20\/2021\/09\/28\/die-puschtra-buibm-2\/","title":{"rendered":"Die Puschtra Buibm"},"content":{"rendered":"<p><div class=\"fusion-fullwidth fullwidth-box fusion-builder-row-1 fusion-flex-container nonhundred-percent-fullwidth non-hundred-percent-height-scrolling\" style=\"--awb-border-radius-top-left:0px;--awb-border-radius-top-right:0px;--awb-border-radius-bottom-right:0px;--awb-border-radius-bottom-left:0px;\" ><div class=\"fusion-builder-row fusion-row fusion-flex-align-items-flex-start\" style=\"max-width:104%;margin-left: calc(-4% \/ 2 );margin-right: calc(-4% \/ 2 );\"><div class=\"fusion-layout-column fusion_builder_column fusion-builder-column-0 fusion_builder_column_1_1 1_1 fusion-flex-column fusion-animated\" style=\"--awb-bg-color:#ffffff;--awb-bg-color-hover:#ffffff;--awb-bg-size:cover;--awb-width-large:100%;--awb-margin-top-large:0px;--awb-spacing-right-large:1.92%;--awb-margin-bottom-large:20px;--awb-spacing-left-large:1.92%;--awb-width-medium:100%;--awb-spacing-right-medium:1.92%;--awb-spacing-left-medium:1.92%;--awb-width-small:100%;--awb-spacing-right-small:1.92%;--awb-spacing-left-small:1.92%;\" data-animationType=\"fadeInDown\" data-animationDuration=\"0.7\" data-animationOffset=\"top-into-view\"><div class=\"fusion-column-wrapper fusion-flex-justify-content-flex-start fusion-content-layout-column\"><div class=\"fusion-text fusion-text-1\"><h2>\u201eFlucht ohne Heimkehr\u201c<\/h2>\n<\/div><div class=\"fusion-text fusion-text-2\"><p><em>Die NEUE S\u00dcDTIROLER TAGESZEITUNG \u00fcber das Buch von Siegfried Steger (2013)<\/em><\/p>\n<p style=\"color: #000000; font-size: 28px;\" data-fusion-font=\"true\">Mit seiner Biografie \u201eFlucht ohne Heimkehr\u201c hat Siegfried Steger erstmals eine authentische Gesamterz\u00e4hlung der Anschl\u00e4ge und bewaffneten \u00dcberf\u00e4lle der \u201ePuschtra Buibm\u201c vorgelegt. Ausz\u00fcge aus dem Bestseller.<\/p>\n<\/div><div class=\"fusion-separator fusion-full-width-sep\" style=\"align-self: center;margin-left: auto;margin-right: auto;margin-top:1%;margin-bottom:5%;width:100%;\"><div class=\"fusion-separator-border sep-single sep-dashed\" style=\"--awb-height:20px;--awb-amount:20px;--awb-sep-color:#c6c4c4;border-color:#c6c4c4;border-top-width:1px;\"><\/div><\/div><div class=\"fusion-text fusion-text-3\"><h4>Tod eines Finanzers<\/h4>\n<p>Im Sommer 1956, da war ich noch nicht ganz 17, geschah jenes Ungl\u00fcck, das zum einschneidenden Ereignis in der S\u00fcdtiroler Geschichte wurde. Die Geschichte mit den \u201ePfunderer Buam\u201c regte mich, meinen Bekanntenkreis, ja alle Leute im Dorf sehr auf. Am16.August 1956 wurde in Pfunders, dem kleinen Bergdorf am Eingang des Pustertales der Finanzer Raimondo Falqui mit schweren Kopfverletzungen in einem Bachbett liegend tot aufgefunden. Laut Bericht des untersuchenden Arztes war er schwer alkoholisiert gewesen. Soweit ist das Ereignis bekannt: Falqui hatte sich mit einem Kollegen am Abend des Hochunser-Frauentages im Dorfwirtshaus mit mehreren Burschen zun\u00e4chst bestens unterhalten und mit diesen gefeiert. Als die Finanzer dann aber pl\u00f6tzlich die Sperrstunde anmahnten, kam es zu einer Streiterei. Laut Anklage haben die Burschen den Finanzer auf dem Heimweg bewusst totgeschlagen, es wurde wie ein gezielter politischer Mord ausgelegt und bestraft. Alles spricht aber daf\u00fcr, dass es ein ungl\u00fccklicher Unfall war und Falqui \u2013 viel- leicht nach einer harmlosen Rempelei \u2013 \u00fcber den schmalen Steg st\u00fcrzte, der \u00fcber den Bach f\u00fchrte. Gel\u00e4nder gab es ja keines. Zu einem politischen Fall wurde das Ungl\u00fcck in den Tagen danach. Die Polizei forschte die trinkfreudige Runde aus und nahm die Burschen der Reihe nach fest, sie wurden sofort einvernommen. Da sie allesamt nicht Italienisch konnten und die Ermittler sich weigerten, Deutsch mit ihnen zu reden (sofern sie dies \u00fcberhaupt gekonnt h\u00e4tten), war es ein Leichtes, ihnen einen politisch motivierten Mord unterzuschieben. Sie wurden in schweren Ketten vor Gericht gestellt.<\/p>\n<p><img class=\"lazyload alignnone size-full wp-image-2935\" src=\"https:\/\/www.editionarob.com\/20\/wp-content\/uploads\/2021\/10\/91.jpg\" data-orig-src=\"https:\/\/www.editionarob.com\/20\/wp-content\/uploads\/2021\/10\/91.jpg\" alt=\"\" width=\"1200\" height=\"740\" srcset=\"data:image\/svg+xml,%3Csvg%20xmlns%3D%27http%3A%2F%2Fwww.w3.org%2F2000%2Fsvg%27%20width%3D%271200%27%20height%3D%27740%27%20viewBox%3D%270%200%201200%20740%27%3E%3Crect%20width%3D%271200%27%20height%3D%27740%27%20fill-opacity%3D%220%22%2F%3E%3C%2Fsvg%3E\" data-srcset=\"https:\/\/www.editionarob.com\/20\/wp-content\/uploads\/2021\/10\/91-200x123.jpg 200w, https:\/\/www.editionarob.com\/20\/wp-content\/uploads\/2021\/10\/91-300x185.jpg 300w, https:\/\/www.editionarob.com\/20\/wp-content\/uploads\/2021\/10\/91-400x247.jpg 400w, https:\/\/www.editionarob.com\/20\/wp-content\/uploads\/2021\/10\/91-600x370.jpg 600w, https:\/\/www.editionarob.com\/20\/wp-content\/uploads\/2021\/10\/91-768x474.jpg 768w, https:\/\/www.editionarob.com\/20\/wp-content\/uploads\/2021\/10\/91-800x493.jpg 800w, https:\/\/www.editionarob.com\/20\/wp-content\/uploads\/2021\/10\/91-1024x631.jpg 1024w, https:\/\/www.editionarob.com\/20\/wp-content\/uploads\/2021\/10\/91.jpg 1200w\" data-sizes=\"auto\" data-orig-sizes=\"(max-width: 1200px) 100vw, 1200px\" \/><\/p>\n<p>Die Tagesmedien in Europa berichteten \u00fcber die willk\u00fcrliche Vorgangsweise der Justiz. Mit 84 Jahren schwerer Kerkerstrafe erlangten die Pfunderer Buam traurige Ber\u00fchmtheit. Die Stimmung, die ich im Dorf sp\u00fcrte und von der ich immer mehr ergriffen wurde, war nun noch aufgeheizter als vorher. Auch ich f\u00fchlte mich als Rechtloser in der eigenen Heimat. Leute mit einer fremden Sprache befahlen den Landsleuten, was sie zu tun und zu lassen hatten \u2013 das war unser Lebensgef\u00fchl. Und w\u00e4hrend wir aus Bozen h\u00f6rten, dass immer mehr Italiener nach S\u00fcdtirol zogen, \u00fcberschlug sich die italienische Presse f\u00f6rmlich in Hasstiraden gegen die S\u00fcdtiroler Bev\u00f6lkerung und gegen \u00d6sterreich. In diesem Umfeld wuchs bei mir und vielen Freunden das Gef\u00fchl, dass man sich das einfach nicht mehr gefallen lassen durfte. Ereignisse wie die Verhaftung von Friedl Volgger, dem Redakteur der \u201eDolomiten\u201c und des \u201eVolksboten\u201c, machten uns fassungslos. Wir bekamen mit, wie der Druckereiarbeiter Hans Stieler, der 1956 mit einigen Helfern die ersten Anschl\u00e4ge ver\u00fcbt hatte, verhaftet, vor Gericht gestellt und ins Gef\u00e4ngnis gesteckt wurde. Es herrschte, f\u00fcr junge Leute in S\u00fcdtirol heute wohl kaum mehr nach- vollziehbar, ein d\u00fcsteres Klima der Angst und des Zorns im Land. Ich kam durch meine Schlachtert\u00e4tigkeit \u00fcberall hin, zu den entlegensten H\u00f6fen.<\/p>\n<p><img class=\"lazyload alignnone size-full wp-image-2926\" src=\"https:\/\/www.editionarob.com\/20\/wp-content\/uploads\/2021\/10\/5-Stubaier-Alpen-li.-Stege.jpg\" data-orig-src=\"https:\/\/www.editionarob.com\/20\/wp-content\/uploads\/2021\/10\/5-Stubaier-Alpen-li.-Stege.jpg\" alt=\"\" width=\"1200\" height=\"805\" srcset=\"data:image\/svg+xml,%3Csvg%20xmlns%3D%27http%3A%2F%2Fwww.w3.org%2F2000%2Fsvg%27%20width%3D%271200%27%20height%3D%27805%27%20viewBox%3D%270%200%201200%20805%27%3E%3Crect%20width%3D%271200%27%20height%3D%27805%27%20fill-opacity%3D%220%22%2F%3E%3C%2Fsvg%3E\" data-srcset=\"https:\/\/www.editionarob.com\/20\/wp-content\/uploads\/2021\/10\/5-Stubaier-Alpen-li.-Stege-200x134.jpg 200w, https:\/\/www.editionarob.com\/20\/wp-content\/uploads\/2021\/10\/5-Stubaier-Alpen-li.-Stege-300x201.jpg 300w, https:\/\/www.editionarob.com\/20\/wp-content\/uploads\/2021\/10\/5-Stubaier-Alpen-li.-Stege-400x268.jpg 400w, https:\/\/www.editionarob.com\/20\/wp-content\/uploads\/2021\/10\/5-Stubaier-Alpen-li.-Stege-600x403.jpg 600w, https:\/\/www.editionarob.com\/20\/wp-content\/uploads\/2021\/10\/5-Stubaier-Alpen-li.-Stege-768x515.jpg 768w, https:\/\/www.editionarob.com\/20\/wp-content\/uploads\/2021\/10\/5-Stubaier-Alpen-li.-Stege-800x537.jpg 800w, https:\/\/www.editionarob.com\/20\/wp-content\/uploads\/2021\/10\/5-Stubaier-Alpen-li.-Stege-1024x687.jpg 1024w, https:\/\/www.editionarob.com\/20\/wp-content\/uploads\/2021\/10\/5-Stubaier-Alpen-li.-Stege.jpg 1200w\" data-sizes=\"auto\" data-orig-sizes=\"(max-width: 1200px) 100vw, 1200px\" \/><\/p>\n<p>Die Bauern nahmen sich kein Blatt vor den Mund, da wurde oft bis sp\u00e4t in die Nacht hinein diskutiert. Da fiel auch der eingangs erw\u00e4hnte Ausruf: \u201eEinen kleinen Andreas Hofer t\u00e4t\u2019s halt wieder brauchen!\u201c \u201eHelden brauchen wir! Helden!\u201c Der Nachbar von uns, der Dorfschmied, kehrte auch regelm\u00e4\u00dfig bei uns ein. Eines Abends, er hatte wohl schon das ein oder andere Glas Wein getrunken, sprang er pl\u00f6tzlich auf, lie\u00df sich auf die Knie fallen, hob die ru\u00dfigen F\u00e4uste zum Kruzifix empor und rief: \u201eHelden brauchen wir! Helden!\u201c Mir fuhr es damals kalt \u00fcber den R\u00fccken. Ich sehe ihn heute noch vor mir, sein ru\u00dfgeschw\u00e4rztes Gesicht, seine aufgerissenen Augen. Es war pl\u00f6tzlich totenstill in der Stube. Das war f\u00fcr mich ein Schl\u00fcsselsatz, ja ein Auftrag! Der Satz h\u00f6rte nicht auf in mir zu arbeiten: Wieso eigentlich nicht? Das w\u00e4re eine Befreiung vom Z\u00e4hneknirschen. Die F\u00e4uste aus dem Sack! Man w\u00fcrde sich nicht mehr so ohnm\u00e4chtig, entrechtet, verspottet und versklavt f\u00fchlen! Die Aufregung und der Zorn waren rundum zu sp\u00fcren. \u201eAls \u00d6sterreicher w\u00e4re das Sterben halt auch leichter als unter der italienischen Besatzung\u201c, an diese Worte einer alten B\u00e4uerin erinnere ich mich noch so, als w\u00fcrde ich sie jetzt h\u00f6ren. \u201eWenn das so weitergeht, immer mehr Italiener heraufkommen und wir nach und nach sterben, ist es vorbei mit S\u00fcdtirol, die jungen Leute wandern ja heute schon alle aus, weil man ihnen hier die Arbeit verweigert\u201c, meinte sie besorgt. F\u00fcr mich war Gerechtigkeit eine Selbstverst\u00e4ndlichkeit. So hatte ich in jungen Jahren zwei Dorfbewohner in unserer Wirtsstube beobachtet, wie sie beim Karten- spielen st\u00e4ndig schwindelten und den ohnehin armen Leuten das Geld ab- kn\u00f6pften. Jahre sp\u00e4ter habe ich einen der beiden zur Rede gestellt. Als er sich auch noch lustig dar\u00fcber machen wollte, konnte ich nicht anders, als ihn zu verpr\u00fcgeln. Solche infame Gaunereien und Unrecht jeder Art lie\u00dfen mir schon in den Jugendjahren das \u201ehei\u00dfe\u201c Blut \u00fcbergehen.<\/p>\n<h4>Es wird ernst: die Feuernacht<\/h4>\n<p>Am 11. Juni 1961 tauchte pl\u00f6tzlich ein mir Unbekannter in unserer Gastwirtschaft \u201eKohlgrube\u201c auf und fragte nach einem Steger Siegfried. Ich gab mich zu erkennen. Der Unbekannte nannte das mit Kurt Welser vereinbarte Losungswort, an das ich mich beim besten Willen nicht mehr erinnern kann. Aber damals war klar, dass dies der Mittelsmann von Welser ist, der uns den Tag des gro\u00dfen Schlags bekannt geben sollte. Kurz und b\u00fcndig sagte er: \u201eM\u00e4nner, heute Nacht geht\u2018s los!\u201c Danach verlie\u00df er die Gastwirtschaft, stie\u00df zu seinem Begleiter am Dorfplatz und fuhr ohne weiteren Kommentar wieder ab. Wie sich sp\u00e4ter herausstellen sollte, war der Unbekannte der Universit\u00e4tsassistent Norbert Burger aus Innsbruck. Mir fehlten die Worte! Kurt Welser hatte angek\u00fcndigt, dass der Auftrag mindestens drei Wochen vor einer geplanten Aktion erfolgen sollte. Nun musste innerhalb weniger Stunden gehandelt werden, ohne jegliche Vorbereitung. Sofort ging ich zum Forer Sepp, teilte ihm die Botschaft mit und machte mich ans Werk.<\/p>\n<p><img class=\"lazyload alignnone size-full wp-image-2937\" src=\"https:\/\/www.editionarob.com\/20\/wp-content\/uploads\/2021\/10\/02-023.jpg\" data-orig-src=\"https:\/\/www.editionarob.com\/20\/wp-content\/uploads\/2021\/10\/02-023.jpg\" alt=\"\" width=\"1200\" height=\"801\" srcset=\"data:image\/svg+xml,%3Csvg%20xmlns%3D%27http%3A%2F%2Fwww.w3.org%2F2000%2Fsvg%27%20width%3D%271200%27%20height%3D%27801%27%20viewBox%3D%270%200%201200%20801%27%3E%3Crect%20width%3D%271200%27%20height%3D%27801%27%20fill-opacity%3D%220%22%2F%3E%3C%2Fsvg%3E\" data-srcset=\"https:\/\/www.editionarob.com\/20\/wp-content\/uploads\/2021\/10\/02-023-200x134.jpg 200w, https:\/\/www.editionarob.com\/20\/wp-content\/uploads\/2021\/10\/02-023-300x200.jpg 300w, https:\/\/www.editionarob.com\/20\/wp-content\/uploads\/2021\/10\/02-023-400x267.jpg 400w, https:\/\/www.editionarob.com\/20\/wp-content\/uploads\/2021\/10\/02-023-600x401.jpg 600w, https:\/\/www.editionarob.com\/20\/wp-content\/uploads\/2021\/10\/02-023-768x513.jpg 768w, https:\/\/www.editionarob.com\/20\/wp-content\/uploads\/2021\/10\/02-023-800x534.jpg 800w, https:\/\/www.editionarob.com\/20\/wp-content\/uploads\/2021\/10\/02-023-1024x684.jpg 1024w, https:\/\/www.editionarob.com\/20\/wp-content\/uploads\/2021\/10\/02-023.jpg 1200w\" data-sizes=\"auto\" data-orig-sizes=\"(max-width: 1200px) 100vw, 1200px\" \/><\/p>\n<p>Heinrich Oberlechner \u2013 und noch einige andere \u2013 konnten wir gar nicht mehr erreichen, er war zum Herz-Jesu-Feuermachen aufgebrochen. So mussten wir unsere Pl\u00e4ne den M\u00f6glichkeiten anpassen. Sepp war eingeteilt, mit dem H\u00f6fler-Bauern Hans Oberlechner den Viadukt der Wasserleitung zum Kraftwerk in Au.erm\u00fchlwald zu sprengen, ich sollte mit Franz Ebner den vorgesehenen Strommasten sprengen. Mehr war nicht mehr m\u00f6glich, dabei hatten wir uns viel mehr vorgenommen. Der Umstand, dass Herz- Jesu-Sonntag war, verschaffte uns wenigstens eine gute Deckung, wir konnten glaubhaft verk\u00fcnden, dass wir mit unseren Rucks\u00e4cken aufbrachen, um Herz-Jesu-Feuer zu machen. Franz Ebner und ich gingen schweigend nebeneinander \u00fcber die Wiesen unserem nicht allzu weit entfernten Ziel entgegen, einem schon l\u00e4nger ausgew\u00e4hlten Strommasten der Hochspannungsleitung hinter der Ahr. In meinem Rucksack trug ich 4 Kilo Plastiksprengstoff, 12 Meter Knallz\u00fcndschnur, einen Gl\u00fchz\u00fcnder und eine Sprengkapsel. Es war seltsam: Da ging ich nun zu meinem ersten Sprengstoffanschlag. Ich sp\u00fcrte eine fremde Ruhe in mir. Ich funktionierte einfach. In Gedanken ging ich noch einmal den Ablauf der zu verrichtenden Arbeit durch. Immer wieder z\u00e4hlte ich die Reihenfolge der einzelnen Handgriffe durch. Es darf nichts schief gehen. Eine Unachtsamkeit, ein zu fr\u00fches Einlegen der Sprengkapsel w\u00fcrde, wenn die Uhr fehlerhaft war, zur vorzeitigen Explosion f\u00fchren. Nein, nerv\u00f6s war ich nicht, ich wollte nur die Aktion so gewissenhaft wie m\u00f6glich durchf\u00fchren. In mir sp\u00fcrte ich eine ruhige Sicherheit. Aus gedeckter Position sondierten wir das Gel\u00e4nde rund um den Mast,wir bemerkten nichts Verd\u00e4chtiges. Alles war still, es war Mitternacht. Als wir beim Mast waren, beobachtete Franz das Gel\u00e4nde, w\u00e4hrend ich jeweils ein Paket Sprengstoff in den Metallwinkel der Innenseite vom Mast dr\u00fcckte. Nachdem der Sprengstoff an allen vier Mastf\u00fc.en gut angedr\u00fcckt war, holte ich die Knallz\u00fcndschnur heraus, wickelte sie zweimal ums erste Paket, spannte sie zum zweiten Paket, wieder zweimal umwickeln, weiter zum dritten Paket, dieselbe Vorgangsweise beim vierten Paket.<\/p>\n<p>Dann zwickte ich die Knallz\u00fcndschnur ab. Nun nahm ich die pr\u00e4parierte Stoppuhr aus dem Rucksack, stellte sie auf 4 Uhr fr\u00fch, schloss den Gl\u00fchz\u00fcnder an und f\u00fchrte mit ruhiger Hand die Sprengkapsel in den Gl\u00fchz\u00fcnder ein. Letzte Kontrolle, alles richtig, ich war zufrieden. Franz und ich machten uns wieder auf den Heimweg. Heute Nacht, so dachte ich, w\u00fcrde ich wohl wach liegen in meiner Kammer, um zu sehen und zu h\u00f6ren, wenn es krachte und der Mast st\u00fcrzte. Ich war die Ruhe in Person gewesen, das stellten auch meine Kameraden \u00f6fters fest. Das war eine Eigenschaft, f\u00fcr die mir alle sehr dankbar waren, und ich mir am meisten. Warum sollte ich nerv\u00f6s sein? Ich war immer gewissenhaft vorbereitet und wusste was zu tun war. F\u00fcr meine Kameraden war das unerkl\u00e4rlich, wie ich ohne jede Hast und Aufregung meine Anschl\u00e4ge durchf\u00fchrte, sie meinten, ich h\u00e4tte Fischblut in den Adern. Zu Hause ging ich in meine Kammer und wartete. Von meinem Fenster aus konnte ich in der Ferne genau dahin sehen, wo ich wusste, dass unser Mast stand. Um Punkt vier Uhr schoss an dieser Stelle eine grelle Stichflamme empor, ich wusste, der Mast war gefallen. Es war eine unbeschreibliche Erleichterung und eine Freude f\u00fcr mich, dass es so gut gegangen war.<\/p>\n<p><img class=\"lazyload alignnone size-full wp-image-2933\" src=\"https:\/\/www.editionarob.com\/20\/wp-content\/uploads\/2021\/10\/39.jpg\" data-orig-src=\"https:\/\/www.editionarob.com\/20\/wp-content\/uploads\/2021\/10\/39.jpg\" alt=\"\" width=\"1200\" height=\"814\" srcset=\"data:image\/svg+xml,%3Csvg%20xmlns%3D%27http%3A%2F%2Fwww.w3.org%2F2000%2Fsvg%27%20width%3D%271200%27%20height%3D%27814%27%20viewBox%3D%270%200%201200%20814%27%3E%3Crect%20width%3D%271200%27%20height%3D%27814%27%20fill-opacity%3D%220%22%2F%3E%3C%2Fsvg%3E\" data-srcset=\"https:\/\/www.editionarob.com\/20\/wp-content\/uploads\/2021\/10\/39-200x136.jpg 200w, https:\/\/www.editionarob.com\/20\/wp-content\/uploads\/2021\/10\/39-300x204.jpg 300w, https:\/\/www.editionarob.com\/20\/wp-content\/uploads\/2021\/10\/39-400x271.jpg 400w, https:\/\/www.editionarob.com\/20\/wp-content\/uploads\/2021\/10\/39-600x407.jpg 600w, https:\/\/www.editionarob.com\/20\/wp-content\/uploads\/2021\/10\/39-768x521.jpg 768w, https:\/\/www.editionarob.com\/20\/wp-content\/uploads\/2021\/10\/39-800x543.jpg 800w, https:\/\/www.editionarob.com\/20\/wp-content\/uploads\/2021\/10\/39-1024x695.jpg 1024w, https:\/\/www.editionarob.com\/20\/wp-content\/uploads\/2021\/10\/39.jpg 1200w\" data-sizes=\"auto\" data-orig-sizes=\"(max-width: 1200px) 100vw, 1200px\" \/><\/p>\n<p>In dieser Nacht fielen landesweit 37 Strommasten, es h\u00e4tten einige mehr sein m\u00fcssen: Die Lahmlegung der Hoch\u00f6fen in der Bozner Industriezone gelang leider nicht, weil einige entscheidende Masten zu wenig umst\u00fcrzten. Auch mein Freund Sepp Forer, der mit dem H\u00f6fler-Bauern unterwegs war, hatte mit dem Viadukt weniger Gl\u00fcck als ich. Er legte die Sprengladung wie vereinbart in die Sprengkammern der Tr\u00e4ger und legte die Z\u00fcndung am Grund des Viadukts aus. Unweit davon wurde, wie bei allen Attentatszielen, ein Paket Flugbl\u00e4tter abgelegt, schlie\u00dflich wollten wir ja mit den Attentaten eine Botschaft an die Politik verbinden. Die Sprengladung explodierte aber nicht. F\u00fcr diesen Ausfall schien uns eine Erkl\u00e4rung durchaus m\u00f6glich: Die Anschl\u00e4ge waren landesweit ab 1 Uhr erfolgt, in immer neuen Sch\u00fcben. Dadurch aufgeschreckt k\u00f6nnten die Beh\u00f6rden sicherheitshalber das Wasser von der Leitung in den Bach umgeleitet haben, der dadurch steigende Wasserpegel h\u00e4tte auf jeden Fall den Z\u00fcnder zerst\u00f6rt. In einigen F\u00e4llen war es aber auch passiert, dass die Zeituhren nicht einwandfrei funktionierten. Am n\u00e4chsten Morgen f\u00fchrten die ausgelegten Flugbl\u00e4tter die Carabinieri praktisch zur Sprengladung. Schade, sonst h\u00e4tte unsere Gruppe den Anschlag in der Nacht darauf wiederholen k\u00f6nnen \u2013 ich allerdings wohl nicht mehr.<\/p>\n<hr \/>\n<h2>Der Bestseller<\/h2>\n<p>Das Buch <strong>\u201eDie Puschtra Buibm \u2013 Flucht ohne Heimkehr\u201c von Siegfried Steger<\/strong> war der absolute Weihnachts-Renner im S\u00fcdtiroler Buchhandel: Am 6. Dezember 2013 auf den Markt gekommen, war das im Verlag \u201eedition arob\u201c erschienene Buch in nur zwei Wochen ausverkauft. Die zweite Auflage ist bereits in Druck \u2013 und erscheint am 7. J\u00e4nner 2014.<\/p>\n<\/div><div class=\"fusion-separator fusion-full-width-sep\" style=\"align-self: center;margin-left: auto;margin-right: auto;margin-bottom:3%;width:100%;\"><\/div><\/div><\/div><\/div><\/div><div class=\"fusion-fullwidth fullwidth-box fusion-builder-row-2 fusion-flex-container nonhundred-percent-fullwidth non-hundred-percent-height-scrolling\" style=\"--awb-border-radius-top-left:0px;--awb-border-radius-top-right:0px;--awb-border-radius-bottom-right:0px;--awb-border-radius-bottom-left:0px;--awb-padding-top:10px;--awb-padding-right:3%;--awb-padding-bottom:10px;--awb-padding-left:3%;--awb-margin-top:1px;--awb-margin-bottom:0px;--awb-background-image:linear-gradient(180deg, rgba(255,255,255,0) 0%,#000000 100%);\" ><div class=\"fusion-builder-row fusion-row fusion-flex-align-items-stretch fusion-flex-justify-content-center\" style=\"max-width:104%;margin-left: calc(-4% \/ 2 );margin-right: calc(-4% \/ 2 );\"><div class=\"fusion-layout-column fusion_builder_column fusion-builder-column-1 fusion_builder_column_1_1 1_1 fusion-flex-column fusion-animated\" style=\"--awb-padding-top:10px;--awb-padding-right:10px;--awb-padding-bottom:10px;--awb-padding-left:10px;--awb-bg-color:#ffffff;--awb-bg-color-hover:#ffffff;--awb-bg-size:cover;--awb-border-color:#f4b429;--awb-border-top:3px;--awb-border-right:3px;--awb-border-bottom:3px;--awb-border-left:3px;--awb-border-style:solid;--awb-width-large:100%;--awb-margin-top-large:10px;--awb-spacing-right-large:1.92%;--awb-margin-bottom-large:10px;--awb-spacing-left-large:1.92%;--awb-width-medium:100%;--awb-order-medium:0;--awb-spacing-right-medium:1.92%;--awb-spacing-left-medium:1.92%;--awb-width-small:100%;--awb-order-small:0;--awb-spacing-right-small:1.92%;--awb-spacing-left-small:1.92%;\" data-animationType=\"fadeInUp\" data-animationDuration=\"1.0\" data-animationOffset=\"top-into-view\"><div class=\"fusion-column-wrapper fusion-column-has-shadow fusion-flex-justify-content-flex-start fusion-content-layout-column\"><div class=\"fusion-separator fusion-full-width-sep\" style=\"align-self: center;margin-left: auto;margin-right: auto;margin-top:10px;margin-bottom:10px;width:100%;\"><\/div><div class=\"fusion-title title fusion-title-1 fusion-sep-none fusion-title-center fusion-title-text fusion-title-size-one\" style=\"--awb-text-color:#ffffff;--awb-font-size:24px;\"><h1 class=\"title-heading-center fusion-responsive-typography-calculated\" style=\"margin:0;font-size:1em;--fontSize:24;--minFontSize:24;line-height:1.12;\"><span style=\"color: #000000;\">Die Puschtra Buibm<\/span><\/h1><\/div><div class=\"fusion-title title fusion-title-2 fusion-sep-none fusion-title-center fusion-title-text fusion-title-size-three\" style=\"--awb-text-color:#f4b429;--awb-font-size:18px;\"><h3 class=\"title-heading-center fusion-responsive-typography-calculated\" style=\"margin:0;font-size:1em;letter-spacing:0.09em;--fontSize:18;--minFontSize:18;line-height:1.3;\">edition AROB<\/h3><\/div><div class=\"fusion-builder-row fusion-builder-row-inner fusion-row fusion-flex-align-items-stretch fusion-flex-justify-content-center\" style=\"width:104% !important;max-width:104% !important;margin-left: calc(-4% \/ 2 );margin-right: calc(-4% \/ 2 );\"><div class=\"fusion-layout-column fusion_builder_column_inner fusion-builder-nested-column-0 fusion_builder_column_inner_1_3 1_3 fusion-flex-column fusion-flex-align-self-flex-start\" style=\"--awb-bg-size:cover;--awb-width-large:33.333333333333%;--awb-margin-top-large:0px;--awb-spacing-right-large:5.76%;--awb-margin-bottom-large:20px;--awb-spacing-left-large:5.76%;--awb-width-medium:100%;--awb-order-medium:0;--awb-spacing-right-medium:1.92%;--awb-spacing-left-medium:1.92%;--awb-width-small:100%;--awb-order-small:0;--awb-spacing-right-small:1.92%;--awb-spacing-left-small:1.92%;\"><div class=\"fusion-column-wrapper fusion-column-has-shadow fusion-flex-justify-content-flex-start fusion-content-layout-column\"><div class=\"fusion-separator fusion-full-width-sep\" style=\"align-self: center;margin-left: auto;margin-right: auto;margin-top:10px;margin-bottom:10px;width:100%;\"><\/div><div class=\"fusion-image-element \" style=\"text-align:center;--awb-caption-title-font-family:var(--h2_typography-font-family);--awb-caption-title-font-weight:var(--h2_typography-font-weight);--awb-caption-title-font-style:var(--h2_typography-font-style);--awb-caption-title-size:var(--h2_typography-font-size);--awb-caption-title-transform:var(--h2_typography-text-transform);--awb-caption-title-line-height:var(--h2_typography-line-height);--awb-caption-title-letter-spacing:var(--h2_typography-letter-spacing);\"><span class=\" fusion-imageframe imageframe-dropshadow imageframe-1 hover-type-none\" style=\"-webkit-box-shadow: 3px 3px 7px rgba(0,0,0,0.3);box-shadow: 3px 3px 7px rgba(0,0,0,0.3);\" class=\"image-magnify\" class=\"image-scroll\"><img width=\"140\" height=\"212\" src=\"data:image\/svg+xml,%3Csvg%20xmlns%3D%27http%3A%2F%2Fwww.w3.org%2F2000%2Fsvg%27%20width%3D%27140%27%20height%3D%27212%27%20viewBox%3D%270%200%20140%20212%27%3E%3Crect%20width%3D%27140%27%20height%3D%27212%27%20fill-opacity%3D%220%22%2F%3E%3C%2Fsvg%3E\" data-orig-src=\"https:\/\/www.editionarob.com\/20\/wp-content\/uploads\/2021\/06\/puschtra-buibm.png\" alt class=\"lazyload img-responsive wp-image-2754\"\/><\/span><\/div><\/div><\/div><div class=\"fusion-layout-column fusion_builder_column_inner fusion-builder-nested-column-1 fusion_builder_column_inner_2_3 2_3 fusion-flex-column\" style=\"--awb-bg-size:cover;--awb-width-large:66.666666666667%;--awb-margin-top-large:0px;--awb-spacing-right-large:2.88%;--awb-margin-bottom-large:20px;--awb-spacing-left-large:2.88%;--awb-width-medium:100%;--awb-order-medium:0;--awb-spacing-right-medium:1.92%;--awb-spacing-left-medium:1.92%;--awb-width-small:100%;--awb-order-small:0;--awb-spacing-right-small:1.92%;--awb-spacing-left-small:1.92%;\"><div class=\"fusion-column-wrapper fusion-column-has-shadow fusion-flex-justify-content-flex-start fusion-content-layout-column\"><div class=\"fusion-separator fusion-full-width-sep\" style=\"align-self: center;margin-left: auto;margin-right: auto;margin-top:10px;margin-bottom:10px;width:100%;\"><\/div><div class=\"fusion-text fusion-text-4\" style=\"--awb-font-size:11px;\"><p style=\"color: #999999; padding: 0px 0px; text-align: left;\"><span style=\"color: #000000;\">In diesem Buch schildert Siegfried Steger den Kampf der &#8222;Puschtra Buibm&#8220; gegen den Staat Italien, schonungslos und ohne Besch\u00f6nigung, eine atemberaubende Geschichte, die sich wie ein Roman liest, aber Wirklichkeit ist: von 1961 bis 1967 h\u00e4lt die Kampfgruppe ihren Guerillakampf durch, kann sich trotz Rasterfahndungen und milit\u00e4rischem Gro\u00dfaufgebot immer wieder der Verhaftung entziehen, versteckt sich \u00fcber Wochen in Erd- und Felsbunkern, schl\u00e4gt wieder zu und flieht zur\u00fcck \u00fcber die Berge.<br \/>\nMit einem Vorwort von Hans Karl Peterlini.<\/span><\/p>\n<p>ISBN 978-88-88396-16-3<br \/>\n274 Seiten<br \/>\nPreis Italien: Euro 26,90<br \/>\nPreis Ausland (D-A-CH): Euro 27,90<\/p>\n<\/div><div style=\"text-align:left;\"><a class=\"fusion-button button-flat fusion-button-default-size button-default fusion-button-default button-1 fusion-button-default-span fusion-button-default-type\" target=\"_self\" href=\"https:\/\/www.editionarob.com\/20\/bestellung\"><span class=\"fusion-button-text\">Bestellung<\/span><\/a><\/div><\/div><\/div><\/div><div class=\"fusion-separator fusion-full-width-sep\" style=\"align-self: center;margin-left: auto;margin-right: auto;margin-top:10px;margin-bottom:10px;width:100%;\"><\/div><\/div><\/div><\/div><\/div><\/p>\n","protected":false},"excerpt":{"rendered":"<p>Mit seiner Biografie \u201eFlucht ohne Heimkehr\u201c hat Siegfried Steger erstmals eine authentische Gesamterz\u00e4hlung der Anschl\u00e4ge und bewaffneten \u00dcberf\u00e4lle der \u201ePuschtra Buibm\u201c vorgelegt. Ausz\u00fcge aus dem Bestseller. <\/p>\n","protected":false},"author":1,"featured_media":2932,"comment_status":"closed","ping_status":"closed","sticky":false,"template":"","format":"standard","meta":{"_bbp_topic_count":0,"_bbp_reply_count":0,"_bbp_total_topic_count":0,"_bbp_total_reply_count":0,"_bbp_voice_count":0,"_bbp_anonymous_reply_count":0,"_bbp_topic_count_hidden":0,"_bbp_reply_count_hidden":0,"_bbp_forum_subforum_count":0},"categories":[22,15,28,29,23,24],"tags":[],"yoast_head":"<!-- This site is optimized with the Yoast SEO plugin v17.8 - https:\/\/yoast.com\/wordpress\/plugins\/seo\/ -->\n<title>Die Puschtra Buibm - edition AROB<\/title>\n<meta name=\"robots\" content=\"index, follow, max-snippet:-1, max-image-preview:large, max-video-preview:-1\" \/>\n<link rel=\"canonical\" href=\"https:\/\/www.editionarob.com\/20\/2021\/09\/28\/die-puschtra-buibm-2\/\" \/>\n<meta property=\"og:locale\" content=\"de_DE\" \/>\n<meta property=\"og:type\" content=\"article\" \/>\n<meta property=\"og:title\" content=\"Die Puschtra Buibm - edition AROB\" \/>\n<meta property=\"og:description\" content=\"Mit seiner Biografie \u201eFlucht ohne Heimkehr\u201c hat Siegfried Steger erstmals eine authentische Gesamterz\u00e4hlung der Anschl\u00e4ge und bewaffneten \u00dcberf\u00e4lle der \u201ePuschtra Buibm\u201c vorgelegt. Ausz\u00fcge aus dem Bestseller.\" \/>\n<meta property=\"og:url\" content=\"https:\/\/www.editionarob.com\/20\/2021\/09\/28\/die-puschtra-buibm-2\/\" \/>\n<meta property=\"og:site_name\" content=\"edition AROB\" \/>\n<meta property=\"article:published_time\" content=\"2021-09-28T06:19:54+00:00\" \/>\n<meta property=\"article:modified_time\" content=\"2021-10-13T05:58:48+00:00\" \/>\n<meta property=\"og:image\" content=\"https:\/\/www.editionarob.com\/20\/wp-content\/uploads\/2021\/10\/32.jpg\" \/>\n\t<meta property=\"og:image:width\" content=\"1200\" \/>\n\t<meta property=\"og:image:height\" content=\"839\" \/>\n<meta name=\"twitter:card\" content=\"summary_large_image\" \/>\n<meta name=\"twitter:label1\" content=\"Verfasst von\" \/>\n\t<meta name=\"twitter:data1\" content=\"ROGAA Admin\" \/>\n\t<meta name=\"twitter:label2\" content=\"Gesch\u00e4tzte Lesezeit\" \/>\n\t<meta name=\"twitter:data2\" content=\"11\u00a0Minuten\" \/>\n<script type=\"application\/ld+json\" class=\"yoast-schema-graph\">{\"@context\":\"https:\/\/schema.org\",\"@graph\":[{\"@type\":\"WebSite\",\"@id\":\"https:\/\/www.editionarob.com\/20\/#website\",\"url\":\"https:\/\/www.editionarob.com\/20\/\",\"name\":\"edition AROB\",\"description\":\"Der Buchverlag in S\\u00fcdtirol.\",\"potentialAction\":[{\"@type\":\"SearchAction\",\"target\":{\"@type\":\"EntryPoint\",\"urlTemplate\":\"https:\/\/www.editionarob.com\/20\/?s={search_term_string}\"},\"query-input\":\"required name=search_term_string\"}],\"inLanguage\":\"de\"},{\"@type\":\"ImageObject\",\"@id\":\"https:\/\/www.editionarob.com\/20\/2021\/09\/28\/die-puschtra-buibm-2\/#primaryimage\",\"inLanguage\":\"de\",\"url\":\"https:\/\/www.editionarob.com\/20\/wp-content\/uploads\/2021\/10\/32.jpg\",\"contentUrl\":\"https:\/\/www.editionarob.com\/20\/wp-content\/uploads\/2021\/10\/32.jpg\",\"width\":1200,\"height\":839},{\"@type\":\"WebPage\",\"@id\":\"https:\/\/www.editionarob.com\/20\/2021\/09\/28\/die-puschtra-buibm-2\/#webpage\",\"url\":\"https:\/\/www.editionarob.com\/20\/2021\/09\/28\/die-puschtra-buibm-2\/\",\"name\":\"Die Puschtra Buibm - edition AROB\",\"isPartOf\":{\"@id\":\"https:\/\/www.editionarob.com\/20\/#website\"},\"primaryImageOfPage\":{\"@id\":\"https:\/\/www.editionarob.com\/20\/2021\/09\/28\/die-puschtra-buibm-2\/#primaryimage\"},\"datePublished\":\"2021-09-28T06:19:54+00:00\",\"dateModified\":\"2021-10-13T05:58:48+00:00\",\"author\":{\"@id\":\"https:\/\/www.editionarob.com\/20\/#\/schema\/person\/b73e48708d06927d855d262d816abd78\"},\"breadcrumb\":{\"@id\":\"https:\/\/www.editionarob.com\/20\/2021\/09\/28\/die-puschtra-buibm-2\/#breadcrumb\"},\"inLanguage\":\"de\",\"potentialAction\":[{\"@type\":\"ReadAction\",\"target\":[\"https:\/\/www.editionarob.com\/20\/2021\/09\/28\/die-puschtra-buibm-2\/\"]}]},{\"@type\":\"BreadcrumbList\",\"@id\":\"https:\/\/www.editionarob.com\/20\/2021\/09\/28\/die-puschtra-buibm-2\/#breadcrumb\",\"itemListElement\":[{\"@type\":\"ListItem\",\"position\":1,\"name\":\"Startseite\",\"item\":\"https:\/\/www.editionarob.com\/20\/\"},{\"@type\":\"ListItem\",\"position\":2,\"name\":\"Die Puschtra Buibm\"}]},{\"@type\":\"Person\",\"@id\":\"https:\/\/www.editionarob.com\/20\/#\/schema\/person\/b73e48708d06927d855d262d816abd78\",\"name\":\"ROGAA Admin\",\"image\":{\"@type\":\"ImageObject\",\"@id\":\"https:\/\/www.editionarob.com\/20\/#personlogo\",\"inLanguage\":\"de\",\"url\":\"https:\/\/secure.gravatar.com\/avatar\/fb369f2ecbfe2eb3cbfb21d054e57699?s=96&d=mm&r=g\",\"contentUrl\":\"https:\/\/secure.gravatar.com\/avatar\/fb369f2ecbfe2eb3cbfb21d054e57699?s=96&d=mm&r=g\",\"caption\":\"ROGAA Admin\"},\"sameAs\":[\"https:\/\/www.editionarob.com\/20\"],\"url\":\"https:\/\/www.editionarob.com\/20\/author\/rogaa-admin\/\"}]}<\/script>\n<!-- \/ Yoast SEO plugin. -->","yoast_head_json":{"title":"Die Puschtra Buibm - edition AROB","robots":{"index":"index","follow":"follow","max-snippet":"max-snippet:-1","max-image-preview":"max-image-preview:large","max-video-preview":"max-video-preview:-1"},"canonical":"https:\/\/www.editionarob.com\/20\/2021\/09\/28\/die-puschtra-buibm-2\/","og_locale":"de_DE","og_type":"article","og_title":"Die Puschtra Buibm - edition AROB","og_description":"Mit seiner Biografie \u201eFlucht ohne Heimkehr\u201c hat Siegfried Steger erstmals eine authentische Gesamterz\u00e4hlung der Anschl\u00e4ge und bewaffneten \u00dcberf\u00e4lle der \u201ePuschtra Buibm\u201c vorgelegt. Ausz\u00fcge aus dem Bestseller.","og_url":"https:\/\/www.editionarob.com\/20\/2021\/09\/28\/die-puschtra-buibm-2\/","og_site_name":"edition AROB","article_published_time":"2021-09-28T06:19:54+00:00","article_modified_time":"2021-10-13T05:58:48+00:00","og_image":[{"width":1200,"height":839,"url":"https:\/\/www.editionarob.com\/20\/wp-content\/uploads\/2021\/10\/32.jpg","type":"image\/jpeg"}],"twitter_card":"summary_large_image","twitter_misc":{"Verfasst von":"ROGAA Admin","Gesch\u00e4tzte Lesezeit":"11\u00a0Minuten"},"schema":{"@context":"https:\/\/schema.org","@graph":[{"@type":"WebSite","@id":"https:\/\/www.editionarob.com\/20\/#website","url":"https:\/\/www.editionarob.com\/20\/","name":"edition AROB","description":"Der Buchverlag in S\u00fcdtirol.","potentialAction":[{"@type":"SearchAction","target":{"@type":"EntryPoint","urlTemplate":"https:\/\/www.editionarob.com\/20\/?s={search_term_string}"},"query-input":"required name=search_term_string"}],"inLanguage":"de"},{"@type":"ImageObject","@id":"https:\/\/www.editionarob.com\/20\/2021\/09\/28\/die-puschtra-buibm-2\/#primaryimage","inLanguage":"de","url":"https:\/\/www.editionarob.com\/20\/wp-content\/uploads\/2021\/10\/32.jpg","contentUrl":"https:\/\/www.editionarob.com\/20\/wp-content\/uploads\/2021\/10\/32.jpg","width":1200,"height":839},{"@type":"WebPage","@id":"https:\/\/www.editionarob.com\/20\/2021\/09\/28\/die-puschtra-buibm-2\/#webpage","url":"https:\/\/www.editionarob.com\/20\/2021\/09\/28\/die-puschtra-buibm-2\/","name":"Die Puschtra Buibm - edition AROB","isPartOf":{"@id":"https:\/\/www.editionarob.com\/20\/#website"},"primaryImageOfPage":{"@id":"https:\/\/www.editionarob.com\/20\/2021\/09\/28\/die-puschtra-buibm-2\/#primaryimage"},"datePublished":"2021-09-28T06:19:54+00:00","dateModified":"2021-10-13T05:58:48+00:00","author":{"@id":"https:\/\/www.editionarob.com\/20\/#\/schema\/person\/b73e48708d06927d855d262d816abd78"},"breadcrumb":{"@id":"https:\/\/www.editionarob.com\/20\/2021\/09\/28\/die-puschtra-buibm-2\/#breadcrumb"},"inLanguage":"de","potentialAction":[{"@type":"ReadAction","target":["https:\/\/www.editionarob.com\/20\/2021\/09\/28\/die-puschtra-buibm-2\/"]}]},{"@type":"BreadcrumbList","@id":"https:\/\/www.editionarob.com\/20\/2021\/09\/28\/die-puschtra-buibm-2\/#breadcrumb","itemListElement":[{"@type":"ListItem","position":1,"name":"Startseite","item":"https:\/\/www.editionarob.com\/20\/"},{"@type":"ListItem","position":2,"name":"Die Puschtra Buibm"}]},{"@type":"Person","@id":"https:\/\/www.editionarob.com\/20\/#\/schema\/person\/b73e48708d06927d855d262d816abd78","name":"ROGAA Admin","image":{"@type":"ImageObject","@id":"https:\/\/www.editionarob.com\/20\/#personlogo","inLanguage":"de","url":"https:\/\/secure.gravatar.com\/avatar\/fb369f2ecbfe2eb3cbfb21d054e57699?s=96&d=mm&r=g","contentUrl":"https:\/\/secure.gravatar.com\/avatar\/fb369f2ecbfe2eb3cbfb21d054e57699?s=96&d=mm&r=g","caption":"ROGAA Admin"},"sameAs":["https:\/\/www.editionarob.com\/20"],"url":"https:\/\/www.editionarob.com\/20\/author\/rogaa-admin\/"}]}},"_links":{"self":[{"href":"https:\/\/www.editionarob.com\/20\/wp-json\/wp\/v2\/posts\/2944"}],"collection":[{"href":"https:\/\/www.editionarob.com\/20\/wp-json\/wp\/v2\/posts"}],"about":[{"href":"https:\/\/www.editionarob.com\/20\/wp-json\/wp\/v2\/types\/post"}],"author":[{"embeddable":true,"href":"https:\/\/www.editionarob.com\/20\/wp-json\/wp\/v2\/users\/1"}],"replies":[{"embeddable":true,"href":"https:\/\/www.editionarob.com\/20\/wp-json\/wp\/v2\/comments?post=2944"}],"version-history":[{"count":3,"href":"https:\/\/www.editionarob.com\/20\/wp-json\/wp\/v2\/posts\/2944\/revisions"}],"predecessor-version":[{"id":3431,"href":"https:\/\/www.editionarob.com\/20\/wp-json\/wp\/v2\/posts\/2944\/revisions\/3431"}],"wp:featuredmedia":[{"embeddable":true,"href":"https:\/\/www.editionarob.com\/20\/wp-json\/wp\/v2\/media\/2932"}],"wp:attachment":[{"href":"https:\/\/www.editionarob.com\/20\/wp-json\/wp\/v2\/media?parent=2944"}],"wp:term":[{"taxonomy":"category","embeddable":true,"href":"https:\/\/www.editionarob.com\/20\/wp-json\/wp\/v2\/categories?post=2944"},{"taxonomy":"post_tag","embeddable":true,"href":"https:\/\/www.editionarob.com\/20\/wp-json\/wp\/v2\/tags?post=2944"}],"curies":[{"name":"wp","href":"https:\/\/api.w.org\/{rel}","templated":true}]}}